[{"@context":"https:\/\/schema.org\/","@type":"Article","@id":"https:\/\/www.zambra.cz\/uzijte-si-bajecny-eurovikend-ve-stockholmu\/#Article","mainEntityOfPage":"https:\/\/www.zambra.cz\/uzijte-si-bajecny-eurovikend-ve-stockholmu\/","headline":"U\u017eijte si b\u00e1je\u010dn\u00fd eurov\u00edkend ve Stockholmu","name":"U\u017eijte si b\u00e1je\u010dn\u00fd eurov\u00edkend ve Stockholmu","description":"Pokud m\u00e1te jenom p\u00e1r dn\u00ed na to, abyste si prohl\u00e9dli<span class=\"more-button\"><a href=\"https:\/\/www.zambra.cz\/uzijte-si-bajecny-eurovikend-ve-stockholmu\/\" class=\"more-link\">Continue reading<span class=\"screen-reader-text\">U\u017eijte si b\u00e1je\u010dn\u00fd eurov\u00edkend ve Stockholmu<\/span><\/a><\/span>","datePublished":"2023-06-08","dateModified":"2023-06-08","author":{"@type":"Person","@id":"https:\/\/www.zambra.cz\/author\/#Person","name":"","url":"https:\/\/www.zambra.cz\/author\/","identifier":1,"image":{"@type":"ImageObject","@id":"https:\/\/secure.gravatar.com\/avatar\/d2f205e1507a0401c7d467d32c87ccece0f63a45b81075bb691dbe8d4c823787?s=96&d=mm&r=g","url":"https:\/\/secure.gravatar.com\/avatar\/d2f205e1507a0401c7d467d32c87ccece0f63a45b81075bb691dbe8d4c823787?s=96&d=mm&r=g","height":96,"width":96}},"publisher":{"@type":"Organization","name":"zambra.cz","logo":{"@type":"ImageObject","@id":"\/logo.png","url":"\/logo.png","width":600,"height":60}},"image":{"@type":"ImageObject","@id":"https:\/\/www.zambra.cz\/wp-content\/uploads\/img_a292125_w2095_t1504555849.jpg","url":"https:\/\/www.zambra.cz\/wp-content\/uploads\/img_a292125_w2095_t1504555849.jpg","height":0,"width":0},"url":"https:\/\/www.zambra.cz\/uzijte-si-bajecny-eurovikend-ve-stockholmu\/","wordCount":422,"articleBody":"Pokud m\u00e1te jenom p\u00e1r dn\u00ed na to, abyste si prohl\u00e9dli jednu z\u00a0nej\u010dist\u0161\u00edch metropol\u00ed na sv\u011bt\u011b, porad\u00edme v\u00e1m, kam zaj\u00edt a co vid\u011bt, abysteskute\u010dn\u011b poznali zdej\u0161\u00ed kulturu a po\u0159\u00e1dn\u011b nad\u00fdchali zdej\u0161\u00ed atmosf\u00e9ru.\u00b7\u00a0\u00a0\u00a0\u00a0\u00a0\u00a0\u00a0\u00a0 Stockholmu se \u0159\u00edk\u00e1 Ben\u00e1tky severu, a to nejenom kv\u016fli vodn\u00edm kan\u00e1l\u016fm\u00b7\u00a0\u00a0\u00a0\u00a0\u00a0\u00a0\u00a0\u00a0 Nach\u00e1z\u00ed se zde spousta m\u011bstsk\u00fdch park\u016f \u00b7\u00a0\u00a0\u00a0\u00a0\u00a0\u00a0\u00a0\u00a0 V\u00a0cel\u00e9m m\u011bst\u011b je a\u017e \u010dty\u0159icet procent zelen\u011b\u00b7\u00a0\u00a0\u00a0\u00a0\u00a0\u00a0\u00a0\u00a0 A\u0165 u\u017e jste kdekoliv, do \u010dty\u0159 set metr\u016f od v\u00e1s je n\u011bjak\u00fd park \u00b7\u00a0\u00a0\u00a0\u00a0\u00a0\u00a0\u00a0\u00a0 Cel\u00e9 m\u011bsto je barevn\u00e9 a m\u00e1 neodolateln\u00e9 kouzlo \u00b7\u00a0\u00a0\u00a0\u00a0\u00a0\u00a0\u00a0\u00a0 Cel\u00e9 m\u011bsto se skl\u00e1d\u00e1 ze \u010dtrn\u00e1cti ostrov\u016fNav\u0161tivte n\u00e1dhern\u00e9 parky p\u0159\u00edmo v\u00a0centru m\u011bsta. Je tu spousta zelen\u00fdch ploch, kde si m\u016f\u017eete vybalit deku a piknik a v\u00a0klidu si zde posed\u011bt, nebo vyrazit na proch\u00e1zku, p\u0159\u00edpadn\u011b se vykoupat a u\u017e\u00edt si p\u00edse\u010dnou pl\u00e1\u017e p\u0159\u00edmo v\u00a0centru Stockholmu. N\u00e1rodn\u00ed park Ekoparken je \u010dtrn\u00e1ct kilometr\u016f dlouh\u00fd. V\u00a0cel\u00e9m m\u011bst\u011b jezd\u00ed autobusy na bioplyn, t\u00e9m\u011b\u0159 kdekoliv si m\u016f\u017eete p\u016fj\u010dit kola a kolob\u011b\u017eky. V\u011bt\u0161ina m\u011bsta jede na p\u0159\u00edrodn\u00ed zdroje, elekt\u0159inu zde vyr\u00e1b\u00ed sol\u00e1rn\u00ed panely.Na prohl\u00eddku lod\u00ed Vypravte se podobn\u011b jako v\u00a0Ben\u00e1tk\u00e1ch na plavbu lod\u00ed po m\u011bst\u011b. Prohl\u00e9dnete si stovky ostrov\u016f, na kter\u00fdch je Stockholm postaven, ale tak\u00e9 se nasyt\u00edte kr\u00e1sn\u00e9 p\u0159\u00edrody i kulturn\u00edch pam\u00e1tek.Vydejte se ke kr\u00e1lovsk\u00e9mu pal\u00e1ci Kr\u00e1lovsk\u00e1 rodina m\u00e1 krom\u011b neoklasick\u00e9ho pal\u00e1ce tak\u00e9 p\u0159ekr\u00e1sn\u011b udr\u017eovan\u00e9 zahrady, kter\u00e9 jsou \u010d\u00e1ste\u010dn\u011b ve\u0159ejnosti p\u0159\u00edstupn\u00e9. Pal\u00e1c pat\u0159\u00ed na seznam UNESCO.Stockholmsk\u00e1 radnice je m\u00edstem setk\u00e1v\u00e1n\u00ed v\u011bdc\u016f i diplomat\u016fM\u00edsto, kde se od roku 1901 p\u0159ed\u00e1v\u00e1 Nobelova cena, a to z\u00a0rukou \u0161v\u00e9dsk\u00e9ho kr\u00e1le, je dodnes exkluzivn\u00edm m\u00edstem, kter\u00e9 by m\u011bl nav\u0161t\u00edvit ka\u017ed\u00fd. Nach\u00e1z\u00ed se zde muzeum Nobelovy ceny a tak\u00e9 nejv\u011bt\u0161\u00ed mozaika na sv\u011bt\u011b.Kultura na ka\u017ed\u00e9m rohuDivadla, opery, kina, v\u00fdstavi\u0161t\u011b, hudebn\u00ed formy a p\u0159edstaven\u00ed nejr\u016fzn\u011bj\u0161\u00edho druhu, stejn\u011b jako liter\u00e1rn\u00ed ve\u010dery, v\u00fdstavy a nejr\u016fzn\u011bj\u0161\u00ed kulturn\u00ed p\u0159\u00edle\u017eitosti. Stockholm je kulturn\u00ed centrum cel\u00e9 severn\u00ed Evropy, byla by \u0161koda nenav\u0161t\u00edvit alespo\u0148 n\u011bkter\u00e9 galerie, opery nebo divadla.                                                                                                                                                                                                                                                                                                                                                                                        4\/5 - (6 votes)        "},{"@context":"https:\/\/schema.org\/","@type":"BreadcrumbList","itemListElement":[{"@type":"ListItem","position":1,"name":"U\u017eijte si b\u00e1je\u010dn\u00fd eurov\u00edkend ve Stockholmu","item":"https:\/\/www.zambra.cz\/uzijte-si-bajecny-eurovikend-ve-stockholmu\/#breadcrumbitem"}]}]