[{"@context":"https:\/\/schema.org\/","@type":"Article","@id":"https:\/\/www.zambra.cz\/pece-o-plet-v-kazdem-veku\/#Article","mainEntityOfPage":"https:\/\/www.zambra.cz\/pece-o-plet-v-kazdem-veku\/","headline":"P\u00e9\u010de o ple\u0165 v ka\u017ed\u00e9m v\u011bku","name":"P\u00e9\u010de o ple\u0165 v ka\u017ed\u00e9m v\u011bku","description":"D\u011bl\u00e1te v\u0161e proto, aby va\u0161e ple\u0165 vypadala dob\u0159e, a p\u0159esto<span class=\"more-button\"><a href=\"https:\/\/www.zambra.cz\/pece-o-plet-v-kazdem-veku\/\" class=\"more-link\">Continue reading<span class=\"screen-reader-text\">P\u00e9\u010de o ple\u0165 v ka\u017ed\u00e9m v\u011bku<\/span><\/a><\/span>","datePublished":"2022-05-25","dateModified":"2023-06-08","author":{"@type":"Person","@id":"https:\/\/www.zambra.cz\/author\/#Person","name":"","url":"https:\/\/www.zambra.cz\/author\/","identifier":1,"image":{"@type":"ImageObject","@id":"https:\/\/secure.gravatar.com\/avatar\/d2f205e1507a0401c7d467d32c87ccece0f63a45b81075bb691dbe8d4c823787?s=96&d=mm&r=g","url":"https:\/\/secure.gravatar.com\/avatar\/d2f205e1507a0401c7d467d32c87ccece0f63a45b81075bb691dbe8d4c823787?s=96&d=mm&r=g","height":96,"width":96}},"publisher":{"@type":"Organization","name":"zambra.cz","logo":{"@type":"ImageObject","@id":"\/logo.png","url":"\/logo.png","width":600,"height":60}},"image":{"@type":"ImageObject","@id":"https:\/\/www.zambra.cz\/wp-content\/uploads\/flower-g42215e89d_640.jpg","url":"https:\/\/www.zambra.cz\/wp-content\/uploads\/flower-g42215e89d_640.jpg","height":0,"width":0},"url":"https:\/\/www.zambra.cz\/pece-o-plet-v-kazdem-veku\/","about":["Produkty"],"wordCount":430,"articleBody":"   D\u011bl\u00e1te v\u0161e proto, aby va\u0161e ple\u0165 vypadala dob\u0159e, a p\u0159esto to st\u00e1le nen\u00ed ono? S p\u0159ib\u00fdvaj\u00edc\u00edm v\u011bkem ple\u0165 ztr\u00e1c\u00ed svoji pru\u017enost a za\u010dnou se tvo\u0159it vr\u00e1sky. Ani \u017e\u00e1dn\u00e9 kr\u00e9my nakonec nezachr\u00e1n\u00ed vznik vr\u00e1sek a ztr\u00e1tu pru\u017enosti pleti. V takov\u00e9mto p\u0159\u00edpad\u011b je pak vhodn\u00e9 doplnit vitam\u00edny a miner\u00e1ly zevnit\u0159 a z\u00e1rove\u0148 jako podporu pou\u017e\u00edvat i vhodn\u00e9 kr\u00e9my. Ale nej\u00fa\u010dinn\u011bj\u0161\u00ed je p\u00e9\u010de p\u0159\u00edmo zevnit\u0159.V takov\u00e9mto p\u0159\u00edpad\u011b je vhodn\u00e9 doplnit \u010dist\u00fd kolagen na ple\u0165, kter\u00fd ov\u0161em bude m\u00edt \u00fa\u010dinky nejenom na k\u016f\u017ei, ale tak\u00e9 na r\u016fst neht\u016f, kvalitu vlas\u016f i pohybov\u00fd apar\u00e1t. Na k\u016f\u017ei kolagen p\u016fsob\u00ed tak, \u017ee podporuje jej\u00ed pru\u017enost a pom\u00e1h\u00e1 vyhlazovat vr\u00e1sky a zm\u00edr\u0148uje projevy st\u00e1rnut\u00ed. Tak\u00e9 pom\u00e1h\u00e1 v boji s celulitidou a to d\u00edky lep\u0161\u00ed pru\u017enosti poko\u017eky po pravideln\u00e9m u\u017e\u00edv\u00e1n\u00ed kolagenu v \u010dist\u00e9 podob\u011b.Velk\u00e9 mno\u017estv\u00ed kolagenu ze stravy nen\u00ed jednoduch\u00e9 z\u00edskat a tak je vhodn\u00e9 v ur\u010dit\u00e9 etap\u011b \u017eivota doplnit kolagen v podob\u011b pr\u00e1\u0161ku \u010di tobolek. Kolagen je dobr\u00e9 br\u00e1t dlouhodob\u011b a pravideln\u011b. Zm\u011bny uvid\u00edte ji\u017e brzy. Budou v\u00e1m rychleji r\u016fst nehty a nebudou se l\u00e1mat. Vlasy budou m\u00edt lep\u0161\u00ed kvalitu, rychleji porostou a budete m\u00edt i podrosty. K\u016f\u017ee bude pru\u017en\u011bj\u0161\u00ed, vyhlazen\u011bj\u0161\u00ed a celkov\u011b se zlep\u0161\u00ed jej\u00ed kvalita.Kolagen m\u016f\u017eete za\u010d\u00edt br\u00e1t ji\u017e jako prevenci pro vznik vr\u00e1sek, tak i p\u0159i hlub\u0161\u00edch vr\u00e1sk\u00e1ch. Kolagen tak\u00e9 p\u0159\u00edzniv\u011b ovliv\u0148uje pohybov\u00fd apar\u00e1t, co\u017e ocen\u00edte jako mlad\u00ed, tak i s p\u0159ib\u00fdvaj\u00edc\u00edm v\u011bkem a s probl\u00e9my se z\u00e1dy \u010di klouby. Kolagen je p\u0159\u00edrodn\u00ed produkt a tak se nemus\u00edte br\u00e1t ho u\u017e\u00edvat. Podpo\u0159\u00ed celkov\u011b cel\u00e9 t\u011blo, co\u017e ocen\u00ed \u017eeny, ale tak\u00e9 mu\u017ei. C\u00edtit se dob\u0159e a kr\u00e1sn\u011b v ka\u017ed\u00e9m v\u011bku si zaslou\u017e\u00ed ka\u017ed\u00e1 \u017eena i mu\u017e. Vyzkou\u0161ejte kolagen a uvid\u00edte, jak s n\u00edm budete spokojeni. Pro lep\u0161\u00ed \u00fa\u010dinky je t\u0159eba ho br\u00e1t dlouhodob\u011b. A ve vy\u0161\u0161\u00edm v\u011bku ho m\u016f\u017eete br\u00e1t klidn\u011b n\u011bkolik let a t\u00edm zm\u00edr\u0148ovat projevy st\u00e1rnut\u00ed a c\u00edtit se ve sv\u00e9m t\u011ble dob\u0159e a st\u00e1le kr\u00e1sn\u011b.                                                                                                                                                                                                                                                                                                                                                                                          3\/5 - (4 votes)        "},{"@context":"https:\/\/schema.org\/","@type":"BreadcrumbList","itemListElement":[{"@type":"ListItem","position":1,"name":"P\u00e9\u010de o ple\u0165 v ka\u017ed\u00e9m v\u011bku","item":"https:\/\/www.zambra.cz\/pece-o-plet-v-kazdem-veku\/#breadcrumbitem"}]}]