{"@context":"https:\/\/schema.org\/","@type":"CollectionPage","@id":"https:\/\/www.zambra.cz\/moto\/#CollectionPage","headline":"Moto Category","description":"","url":"https:\/\/www.zambra.cz\/moto\/","hasPart":[{"@type":"Article","@id":"https:\/\/www.zambra.cz\/jizda-na-motorce\/","headline":"J\u00edzda na motorce","url":"https:\/\/www.zambra.cz\/jizda-na-motorce\/","datePublished":"2024-08-28","dateModified":"2024-08-28","mainEntityOfPage":"https:\/\/www.zambra.cz\/jizda-na-motorce\/","author":{"@type":"Person","@id":"https:\/\/www.zambra.cz\/author\/#Person","name":"","url":"https:\/\/www.zambra.cz\/author\/","identifier":1,"image":{"@type":"ImageObject","@id":"https:\/\/secure.gravatar.com\/avatar\/d2f205e1507a0401c7d467d32c87ccece0f63a45b81075bb691dbe8d4c823787?s=96&d=mm&r=g","url":"https:\/\/secure.gravatar.com\/avatar\/d2f205e1507a0401c7d467d32c87ccece0f63a45b81075bb691dbe8d4c823787?s=96&d=mm&r=g","height":96,"width":96}},"publisher":{"@type":"Organization","name":"zambra.cz","logo":{"@type":"ImageObject","@id":"\/logo.png","url":"\/logo.png","width":600,"height":60}},"image":{"@type":"ImageObject","@id":"https:\/\/www.zambra.cz\/wp-content\/uploads\/bajaj-7014050_1280.jpg","url":"https:\/\/www.zambra.cz\/wp-content\/uploads\/bajaj-7014050_1280.jpg","height":0,"width":0},"keywords":null},{"@type":"Article","@id":"https:\/\/www.zambra.cz\/motorka-muze-byt-pro-mnohe-zeny-problemem\/","headline":"Motorka m\u016f\u017ee b\u00fdt pro mnoh\u00e9 \u017eeny probl\u00e9mem","url":"https:\/\/www.zambra.cz\/motorka-muze-byt-pro-mnohe-zeny-problemem\/","datePublished":"2022-06-30","dateModified":"2023-06-08","mainEntityOfPage":"https:\/\/www.zambra.cz\/motorka-muze-byt-pro-mnohe-zeny-problemem\/","author":{"@type":"Person","@id":"https:\/\/www.zambra.cz\/author\/#Person","name":"","url":"https:\/\/www.zambra.cz\/author\/","identifier":1,"image":{"@type":"ImageObject","@id":"https:\/\/secure.gravatar.com\/avatar\/d2f205e1507a0401c7d467d32c87ccece0f63a45b81075bb691dbe8d4c823787?s=96&d=mm&r=g","url":"https:\/\/secure.gravatar.com\/avatar\/d2f205e1507a0401c7d467d32c87ccece0f63a45b81075bb691dbe8d4c823787?s=96&d=mm&r=g","height":96,"width":96}},"publisher":{"@type":"Organization","name":"zambra.cz","logo":{"@type":"ImageObject","@id":"\/logo.png","url":"\/logo.png","width":600,"height":60}},"image":{"@type":"ImageObject","@id":"https:\/\/www.zambra.cz\/wp-content\/uploads\/mot_10.JPG","url":"https:\/\/www.zambra.cz\/wp-content\/uploads\/mot_10.JPG","height":0,"width":0},"keywords":null},{"@type":"Article","@id":"https:\/\/www.zambra.cz\/proc-lide-vice-nevyuzivaji-verejnou-hromadnou-dopravu\/","headline":"Pro\u010d lid\u00e9 v\u00edce nevyu\u017e\u00edvaj\u00ed ve\u0159ejnou hromadnou dopravu","url":"https:\/\/www.zambra.cz\/proc-lide-vice-nevyuzivaji-verejnou-hromadnou-dopravu\/","datePublished":"2022-02-14","dateModified":"2023-06-08","mainEntityOfPage":"https:\/\/www.zambra.cz\/proc-lide-vice-nevyuzivaji-verejnou-hromadnou-dopravu\/","author":{"@type":"Person","@id":"https:\/\/www.zambra.cz\/author\/#Person","name":"","url":"https:\/\/www.zambra.cz\/author\/","identifier":1,"image":{"@type":"ImageObject","@id":"https:\/\/secure.gravatar.com\/avatar\/d2f205e1507a0401c7d467d32c87ccece0f63a45b81075bb691dbe8d4c823787?s=96&d=mm&r=g","url":"https:\/\/secure.gravatar.com\/avatar\/d2f205e1507a0401c7d467d32c87ccece0f63a45b81075bb691dbe8d4c823787?s=96&d=mm&r=g","height":96,"width":96}},"publisher":{"@type":"Organization","name":"zambra.cz","logo":{"@type":"ImageObject","@id":"\/logo.png","url":"\/logo.png","width":600,"height":60}},"image":{"@type":"ImageObject","@id":"https:\/\/www.zambra.cz\/wp-content\/uploads\/auto1_10_2.jpg","url":"https:\/\/www.zambra.cz\/wp-content\/uploads\/auto1_10_2.jpg","height":0,"width":0},"keywords":null},{"@type":"Article","@id":"https:\/\/www.zambra.cz\/ochrante-sve-auto-pred-zimou\/","headline":"Ochra\u0148te sv\u00e9 auto p\u0159ed zimou","url":"https:\/\/www.zambra.cz\/ochrante-sve-auto-pred-zimou\/","datePublished":"2019-09-21","dateModified":"2023-06-08","mainEntityOfPage":"https:\/\/www.zambra.cz\/ochrante-sve-auto-pred-zimou\/","author":{"@type":"Person","@id":"https:\/\/www.zambra.cz\/author\/#Person","name":"","url":"https:\/\/www.zambra.cz\/author\/","identifier":1,"image":{"@type":"ImageObject","@id":"https:\/\/secure.gravatar.com\/avatar\/d2f205e1507a0401c7d467d32c87ccece0f63a45b81075bb691dbe8d4c823787?s=96&d=mm&r=g","url":"https:\/\/secure.gravatar.com\/avatar\/d2f205e1507a0401c7d467d32c87ccece0f63a45b81075bb691dbe8d4c823787?s=96&d=mm&r=g","height":96,"width":96}},"publisher":{"@type":"Organization","name":"zambra.cz","logo":{"@type":"ImageObject","@id":"\/logo.png","url":"\/logo.png","width":600,"height":60}},"image":{"@type":"ImageObject","@id":"https:\/\/www.zambra.cz\/wp-content\/uploads\/img_a355503_w3700_t1569745362.jpg","url":"https:\/\/www.zambra.cz\/wp-content\/uploads\/img_a355503_w3700_t1569745362.jpg","height":0,"width":0},"keywords":null}]}